{"id":720,"date":"2022-08-28T21:32:03","date_gmt":"2022-08-29T00:32:03","guid":{"rendered":"https:\/\/franimpo.com\/?p=720"},"modified":"2022-08-28T21:43:45","modified_gmt":"2022-08-29T00:43:45","slug":"federacion-argentina-de-basquet-adaptado","status":"publish","type":"post","link":"https:\/\/franimpo.com\/en\/federacion-argentina-de-basquet-adaptado\/","title":{"rendered":"Federaci\u00f3n Argentina de B\u00e1squet Adaptado"},"content":{"rendered":"<p><\/p>\n\n\n<div class=\"wp-block-image is-style-default\">\n<figure class=\"aligncenter size-full is-resized\"><img loading=\"lazy\" decoding=\"async\" src=\"https:\/\/franimpo.com\/wp-content\/uploads\/2022\/08\/logos-faba.jpg\" alt=\"\" class=\"wp-image-729\" width=\"524\" height=\"244\" srcset=\"https:\/\/franimpo.com\/wp-content\/uploads\/2022\/08\/logos-faba.jpg 947w, https:\/\/franimpo.com\/wp-content\/uploads\/2022\/08\/logos-faba-300x140.jpg 300w, https:\/\/franimpo.com\/wp-content\/uploads\/2022\/08\/logos-faba-768x359.jpg 768w, https:\/\/franimpo.com\/wp-content\/uploads\/2022\/08\/logos-faba-18x8.jpg 18w, https:\/\/franimpo.com\/wp-content\/uploads\/2022\/08\/logos-faba-800x374.jpg 800w\" sizes=\"auto, (max-width: 524px) 100vw, 524px\" \/><figcaption>Se reformul\u00f3 y vectoriz\u00f3 la identidad original para mejorar la legibilidad y tener un logo flexible y escalable.<\/figcaption><\/figure>\n<\/div>\n\n\n<div style=\"height:79px\" aria-hidden=\"true\" class=\"wp-block-spacer\"><\/div>\n\n\n<div class=\"wp-block-image\">\n<figure class=\"aligncenter size-large\"><img loading=\"lazy\" decoding=\"async\" width=\"1024\" height=\"946\" src=\"https:\/\/franimpo.com\/wp-content\/uploads\/2022\/08\/cover-faba-1024x946.webp\" alt=\"\" class=\"wp-image-738\" srcset=\"https:\/\/franimpo.com\/wp-content\/uploads\/2022\/08\/cover-faba-1024x946.webp 1024w, https:\/\/franimpo.com\/wp-content\/uploads\/2022\/08\/cover-faba-300x277.webp 300w, https:\/\/franimpo.com\/wp-content\/uploads\/2022\/08\/cover-faba-768x709.webp 768w, https:\/\/franimpo.com\/wp-content\/uploads\/2022\/08\/cover-faba-1536x1419.webp 1536w, https:\/\/franimpo.com\/wp-content\/uploads\/2022\/08\/cover-faba-2048x1892.webp 2048w, https:\/\/franimpo.com\/wp-content\/uploads\/2022\/08\/cover-faba-13x12.webp 13w, https:\/\/franimpo.com\/wp-content\/uploads\/2022\/08\/cover-faba-800x739.webp 800w\" sizes=\"auto, (max-width: 1024px) 100vw, 1024px\" \/><\/figure>\n<\/div>\n\n\n<figure class=\"wp-block-gallery has-nested-images columns-default is-cropped wp-block-gallery-1 is-layout-flex wp-block-gallery-is-layout-flex\"><\/figure>","protected":false},"excerpt":{"rendered":"<p>Redise\u00f1o de identidad y creaci\u00f3n de sitio web para la Federaci\u00f3n Argentina de B\u00e1squetbol Adaptado.<br \/>\nSitio web realizado en HTML, CSS y JavaScript integrado a WordPress para permitir carga de contenidos como noticias, perfiles de jugadores, autoridades, reglamentos, etc.<\/p>","protected":false},"author":1,"featured_media":738,"comment_status":"closed","ping_status":"closed","sticky":false,"template":"","format":"standard","meta":{"_acf_changed":false,"footnotes":""},"categories":[1],"tags":[],"class_list":["post-720","post","type-post","status-publish","format-standard","has-post-thumbnail","hentry","category-web"],"acf":{"descripcion":"Redise\u00f1o de identidad y creaci\u00f3n de sitio web para la Federaci\u00f3n Argentina de B\u00e1squetbol Adaptado. Sitio web realizado en HTML, CSS y JavaScript integrado a WordPress para permitir carga de contenidos como noticias, perfiles de jugadores, autoridades, reglamentos, etc.","proy_link":"https:\/\/www.basquetadaptado.com.ar","ficha":[{"ficha_tit":"Cliente","ficha_txt":"FABA - Federaci\u00f3n Argentina de B\u00e1squetbol Adaptado"}],"template_part":""},"_links":{"self":[{"href":"https:\/\/franimpo.com\/en\/wp-json\/wp\/v2\/posts\/720","targetHints":{"allow":["GET"]}}],"collection":[{"href":"https:\/\/franimpo.com\/en\/wp-json\/wp\/v2\/posts"}],"about":[{"href":"https:\/\/franimpo.com\/en\/wp-json\/wp\/v2\/types\/post"}],"author":[{"embeddable":true,"href":"https:\/\/franimpo.com\/en\/wp-json\/wp\/v2\/users\/1"}],"replies":[{"embeddable":true,"href":"https:\/\/franimpo.com\/en\/wp-json\/wp\/v2\/comments?post=720"}],"version-history":[{"count":0,"href":"https:\/\/franimpo.com\/en\/wp-json\/wp\/v2\/posts\/720\/revisions"}],"wp:featuredmedia":[{"embeddable":true,"href":"https:\/\/franimpo.com\/en\/wp-json\/wp\/v2\/media\/738"}],"wp:attachment":[{"href":"https:\/\/franimpo.com\/en\/wp-json\/wp\/v2\/media?parent=720"}],"wp:term":[{"taxonomy":"category","embeddable":true,"href":"https:\/\/franimpo.com\/en\/wp-json\/wp\/v2\/categories?post=720"},{"taxonomy":"post_tag","embeddable":true,"href":"https:\/\/franimpo.com\/en\/wp-json\/wp\/v2\/tags?post=720"}],"curies":[{"name":"wp","href":"https:\/\/api.w.org\/{rel}","templated":true}]}}